{"id":6195,"date":"2023-10-10T19:13:08","date_gmt":"2023-10-10T22:13:08","guid":{"rendered":"https:\/\/cubataonoticias.com\/cncast\/papo-de-boleiro-eduardo-farol-e-washington-luis-cn-cast-ep-37\/"},"modified":"2023-10-10T19:13:08","modified_gmt":"2023-10-10T22:13:08","slug":"papo-de-boleiro-eduardo-farol-e-washington-luis-cn-cast-ep-37","status":"publish","type":"post","link":"https:\/\/new.cubataonoticias.com\/index.php\/2023\/10\/10\/papo-de-boleiro-eduardo-farol-e-washington-luis-cn-cast-ep-37\/","title":{"rendered":"PAPO DE BOLEIRO &#8211; EDUARDO FAROL E WASHINGTON LUIS. CN-CAST EP.#37"},"content":{"rendered":"<p><img decoding=\"async\" src=\"https:\/\/i3.ytimg.com\/vi\/nFyP-cYBTRI\/hqdefault.jpg\" alt=\"PAPO DE BOLEIRO - EDUARDO FAROL E WASHINGTON LUIS. CN-CAST EP.#37\"><br \/> <iframe width=\"560\" height=\"315\" src=\"https:\/\/www.youtube.com\/embed\/nFyP-cYBTRI\" frameborder=\"0\" allowfullscreen><\/iframe> <\/p>\n<p>No epis\u00f3dio #37 do CNCAST  O PAPO DE BOLEIRO SER\u00c1 COM O TREINADOR DE GOLEIROS EDUARO FAROL E A LENDA DO JORNALISMO CUBATENSE, WASHINGTON LUIS.<\/p>\n<p>Se inscreva e mande perguntas em nosso chat, participe ao vivo com a gente!<\/p>\n<p>SIGA O CN NO INSTAGRAM:<\/p>\n<p>https:\/\/www.instagram.com\/cubataonoticias<\/p>\n<p>SIGA O CN NO FACEBOOK:<\/p>\n<p>https:\/\/www.facebook.com\/CubataoNoticiasOficial<\/p>\n<p>ACESSE NOSSO PORTAL DE NOTICIAS:<\/p>\n<blockquote class=\"wp-embedded-content\" data-secret=\"NUzDEx0CIw\"><p><a href=\"https:\/\/cubataonoticias.com\/\">Home V1<\/a><\/p><\/blockquote>\n<p><iframe class=\"wp-embedded-content\" sandbox=\"allow-scripts\" security=\"restricted\" style=\"position: absolute; visibility: hidden;\" title=\"&#8220;Home V1&#8221; &#8212; Cubat\u00e3o Not\u00edcias\" src=\"https:\/\/cubataonoticias.com\/embed\/#?secret=mT4hIUBqVF#?secret=NUzDEx0CIw\" data-secret=\"NUzDEx0CIw\" width=\"600\" height=\"338\" frameborder=\"0\" marginwidth=\"0\" marginheight=\"0\" scrolling=\"no\"><\/iframe><\/p>\n<p>#Cubat\u00e3o #Cubatao #CubataoNoticias #BaixadaSantista #CNCAST #sa\u00fade #futebol #varzea #jornalismo<\/p>\n","protected":false},"excerpt":{"rendered":"<p>No epis\u00f3dio #37 do CNCAST O PAPO DE BOLEIRO SER\u00c1 COM O TREINADOR DE GOLEIROS EDUARO FAROL E A LENDA DO JORNALISMO CUBATENSE, WASHINGTON LUIS. Se inscreva e mande perguntas em nosso chat, participe ao vivo com a gente! SIGA O CN NO INSTAGRAM: https:\/\/www.instagram.com\/cubataonoticias SIGA O CN NO FACEBOOK: https:\/\/www.facebook.com\/CubataoNoticiasOficial ACESSE NOSSO PORTAL DE NOTICIAS: Home V1 #Cubat\u00e3o #Cubatao #CubataoNoticias #BaixadaSantista #CNCAST #sa\u00fade #futebol #varzea #jornalismo<\/p>\n","protected":false},"author":1,"featured_media":6196,"comment_status":"closed","ping_status":"closed","sticky":false,"template":"","format":"video","meta":{"footnotes":""},"categories":[899],"tags":[],"class_list":["post-6195","post","type-post","status-publish","format-video","has-post-thumbnail","hentry","category-cncast","post_format-post-format-video"],"yoast_head":"<!-- This site is optimized with the Yoast SEO plugin v24.6 - https:\/\/yoast.com\/wordpress\/plugins\/seo\/ -->\n<title>PAPO DE BOLEIRO - EDUARDO FAROL E WASHINGTON LUIS. CN-CAST EP.#37 - Cubat\u00e3o Not\u00edcias<\/title>\n<meta name=\"robots\" content=\"index, follow, max-snippet:-1, max-image-preview:large, max-video-preview:-1\" \/>\n<link rel=\"canonical\" href=\"https:\/\/new.cubataonoticias.com\/index.php\/2023\/10\/10\/papo-de-boleiro-eduardo-farol-e-washington-luis-cn-cast-ep-37\/\" \/>\n<meta property=\"og:locale\" content=\"pt_BR\" \/>\n<meta property=\"og:type\" content=\"article\" \/>\n<meta property=\"og:title\" content=\"PAPO DE BOLEIRO - EDUARDO FAROL E WASHINGTON LUIS. CN-CAST EP.#37 - Cubat\u00e3o Not\u00edcias\" \/>\n<meta property=\"og:description\" content=\"No epis\u00f3dio #37 do CNCAST O PAPO DE BOLEIRO SER\u00c1 COM O TREINADOR DE GOLEIROS EDUARO FAROL E A LENDA DO JORNALISMO CUBATENSE, WASHINGTON LUIS. Se inscreva e mande perguntas em nosso chat, participe ao vivo com a gente! SIGA O CN NO INSTAGRAM: https:\/\/www.instagram.com\/cubataonoticias SIGA O CN NO FACEBOOK: https:\/\/www.facebook.com\/CubataoNoticiasOficial ACESSE NOSSO PORTAL DE NOTICIAS: Home V1 #Cubat\u00e3o #Cubatao #CubataoNoticias #BaixadaSantista #CNCAST #sa\u00fade #futebol #varzea #jornalismo\" \/>\n<meta property=\"og:url\" content=\"https:\/\/new.cubataonoticias.com\/index.php\/2023\/10\/10\/papo-de-boleiro-eduardo-farol-e-washington-luis-cn-cast-ep-37\/\" \/>\n<meta property=\"og:site_name\" content=\"Cubat\u00e3o Not\u00edcias\" \/>\n<meta property=\"article:publisher\" content=\"https:\/\/www.facebook.com\/CubataoNoticiasOficial\/\" \/>\n<meta property=\"article:published_time\" content=\"2023-10-10T22:13:08+00:00\" \/>\n<meta property=\"og:image\" content=\"https:\/\/new.cubataonoticias.com\/wp-content\/uploads\/2023\/10\/hqdefault-4.jpg\" \/>\n\t<meta property=\"og:image:width\" content=\"480\" \/>\n\t<meta property=\"og:image:height\" content=\"360\" \/>\n\t<meta property=\"og:image:type\" content=\"image\/jpeg\" \/>\n<meta name=\"author\" content=\"Cubat\u00e3o Not\u00edcias\" \/>\n<meta name=\"twitter:card\" content=\"summary_large_image\" \/>\n<meta name=\"twitter:creator\" content=\"@CubataoNoticias\" \/>\n<meta name=\"twitter:site\" content=\"@CubataoNoticias\" \/>\n<meta name=\"twitter:label1\" content=\"Escrito por\" \/>\n\t<meta name=\"twitter:data1\" content=\"Cubat\u00e3o Not\u00edcias\" \/>\n<script type=\"application\/ld+json\" class=\"yoast-schema-graph\">{\"@context\":\"https:\/\/schema.org\",\"@graph\":[{\"@type\":\"WebPage\",\"@id\":\"https:\/\/new.cubataonoticias.com\/index.php\/2023\/10\/10\/papo-de-boleiro-eduardo-farol-e-washington-luis-cn-cast-ep-37\/\",\"url\":\"https:\/\/new.cubataonoticias.com\/index.php\/2023\/10\/10\/papo-de-boleiro-eduardo-farol-e-washington-luis-cn-cast-ep-37\/\",\"name\":\"PAPO DE BOLEIRO - EDUARDO FAROL E WASHINGTON LUIS. CN-CAST EP.#37 - Cubat\u00e3o Not\u00edcias\",\"isPartOf\":{\"@id\":\"https:\/\/new.cubataonoticias.com\/#website\"},\"primaryImageOfPage\":{\"@id\":\"https:\/\/new.cubataonoticias.com\/index.php\/2023\/10\/10\/papo-de-boleiro-eduardo-farol-e-washington-luis-cn-cast-ep-37\/#primaryimage\"},\"image\":{\"@id\":\"https:\/\/new.cubataonoticias.com\/index.php\/2023\/10\/10\/papo-de-boleiro-eduardo-farol-e-washington-luis-cn-cast-ep-37\/#primaryimage\"},\"thumbnailUrl\":\"https:\/\/new.cubataonoticias.com\/wp-content\/uploads\/2023\/10\/hqdefault-4.jpg\",\"datePublished\":\"2023-10-10T22:13:08+00:00\",\"author\":{\"@id\":\"https:\/\/new.cubataonoticias.com\/#\/schema\/person\/774b9bbeb2e7e20683f7e5be4b966c52\"},\"breadcrumb\":{\"@id\":\"https:\/\/new.cubataonoticias.com\/index.php\/2023\/10\/10\/papo-de-boleiro-eduardo-farol-e-washington-luis-cn-cast-ep-37\/#breadcrumb\"},\"inLanguage\":\"pt-BR\",\"potentialAction\":[{\"@type\":\"ReadAction\",\"target\":[\"https:\/\/new.cubataonoticias.com\/index.php\/2023\/10\/10\/papo-de-boleiro-eduardo-farol-e-washington-luis-cn-cast-ep-37\/\"]}]},{\"@type\":\"ImageObject\",\"inLanguage\":\"pt-BR\",\"@id\":\"https:\/\/new.cubataonoticias.com\/index.php\/2023\/10\/10\/papo-de-boleiro-eduardo-farol-e-washington-luis-cn-cast-ep-37\/#primaryimage\",\"url\":\"https:\/\/new.cubataonoticias.com\/wp-content\/uploads\/2023\/10\/hqdefault-4.jpg\",\"contentUrl\":\"https:\/\/new.cubataonoticias.com\/wp-content\/uploads\/2023\/10\/hqdefault-4.jpg\",\"width\":480,\"height\":360},{\"@type\":\"BreadcrumbList\",\"@id\":\"https:\/\/new.cubataonoticias.com\/index.php\/2023\/10\/10\/papo-de-boleiro-eduardo-farol-e-washington-luis-cn-cast-ep-37\/#breadcrumb\",\"itemListElement\":[{\"@type\":\"ListItem\",\"position\":1,\"name\":\"In\u00edcio\",\"item\":\"https:\/\/new.cubataonoticias.com\/index.php\/home-v1\/\"},{\"@type\":\"ListItem\",\"position\":2,\"name\":\"PAPO DE BOLEIRO &#8211; EDUARDO FAROL E WASHINGTON LUIS. CN-CAST EP.#37\"}]},{\"@type\":\"WebSite\",\"@id\":\"https:\/\/new.cubataonoticias.com\/#website\",\"url\":\"https:\/\/new.cubataonoticias.com\/\",\"name\":\"Cubat\u00e3o Not\u00edcias\",\"description\":\"Not\u00edcias Sobre Cubat\u00e3o e Regi\u00e3o\",\"potentialAction\":[{\"@type\":\"SearchAction\",\"target\":{\"@type\":\"EntryPoint\",\"urlTemplate\":\"https:\/\/new.cubataonoticias.com\/?s={search_term_string}\"},\"query-input\":{\"@type\":\"PropertyValueSpecification\",\"valueRequired\":true,\"valueName\":\"search_term_string\"}}],\"inLanguage\":\"pt-BR\"},{\"@type\":\"Person\",\"@id\":\"https:\/\/new.cubataonoticias.com\/#\/schema\/person\/774b9bbeb2e7e20683f7e5be4b966c52\",\"name\":\"Cubat\u00e3o Not\u00edcias\",\"image\":{\"@type\":\"ImageObject\",\"inLanguage\":\"pt-BR\",\"@id\":\"https:\/\/new.cubataonoticias.com\/#\/schema\/person\/image\/\",\"url\":\"https:\/\/secure.gravatar.com\/avatar\/83ac1e753670252c0fdf24e3497e6d69?s=96&d=mm&r=g\",\"contentUrl\":\"https:\/\/secure.gravatar.com\/avatar\/83ac1e753670252c0fdf24e3497e6d69?s=96&d=mm&r=g\",\"caption\":\"Cubat\u00e3o Not\u00edcias\"},\"sameAs\":[\"https:\/\/new.cubataonoticias.com\"],\"url\":\"https:\/\/new.cubataonoticias.com\/index.php\/author\/cubata66_wp1\/\"}]}<\/script>\n<!-- \/ Yoast SEO plugin. -->","yoast_head_json":{"title":"PAPO DE BOLEIRO - EDUARDO FAROL E WASHINGTON LUIS. CN-CAST EP.#37 - Cubat\u00e3o Not\u00edcias","robots":{"index":"index","follow":"follow","max-snippet":"max-snippet:-1","max-image-preview":"max-image-preview:large","max-video-preview":"max-video-preview:-1"},"canonical":"https:\/\/new.cubataonoticias.com\/index.php\/2023\/10\/10\/papo-de-boleiro-eduardo-farol-e-washington-luis-cn-cast-ep-37\/","og_locale":"pt_BR","og_type":"article","og_title":"PAPO DE BOLEIRO - EDUARDO FAROL E WASHINGTON LUIS. CN-CAST EP.#37 - Cubat\u00e3o Not\u00edcias","og_description":"No epis\u00f3dio #37 do CNCAST O PAPO DE BOLEIRO SER\u00c1 COM O TREINADOR DE GOLEIROS EDUARO FAROL E A LENDA DO JORNALISMO CUBATENSE, WASHINGTON LUIS. Se inscreva e mande perguntas em nosso chat, participe ao vivo com a gente! SIGA O CN NO INSTAGRAM: https:\/\/www.instagram.com\/cubataonoticias SIGA O CN NO FACEBOOK: https:\/\/www.facebook.com\/CubataoNoticiasOficial ACESSE NOSSO PORTAL DE NOTICIAS: Home V1 #Cubat\u00e3o #Cubatao #CubataoNoticias #BaixadaSantista #CNCAST #sa\u00fade #futebol #varzea #jornalismo","og_url":"https:\/\/new.cubataonoticias.com\/index.php\/2023\/10\/10\/papo-de-boleiro-eduardo-farol-e-washington-luis-cn-cast-ep-37\/","og_site_name":"Cubat\u00e3o Not\u00edcias","article_publisher":"https:\/\/www.facebook.com\/CubataoNoticiasOficial\/","article_published_time":"2023-10-10T22:13:08+00:00","og_image":[{"width":480,"height":360,"url":"https:\/\/new.cubataonoticias.com\/wp-content\/uploads\/2023\/10\/hqdefault-4.jpg","type":"image\/jpeg"}],"author":"Cubat\u00e3o Not\u00edcias","twitter_card":"summary_large_image","twitter_creator":"@CubataoNoticias","twitter_site":"@CubataoNoticias","twitter_misc":{"Escrito por":"Cubat\u00e3o Not\u00edcias"},"schema":{"@context":"https:\/\/schema.org","@graph":[{"@type":"WebPage","@id":"https:\/\/new.cubataonoticias.com\/index.php\/2023\/10\/10\/papo-de-boleiro-eduardo-farol-e-washington-luis-cn-cast-ep-37\/","url":"https:\/\/new.cubataonoticias.com\/index.php\/2023\/10\/10\/papo-de-boleiro-eduardo-farol-e-washington-luis-cn-cast-ep-37\/","name":"PAPO DE BOLEIRO - EDUARDO FAROL E WASHINGTON LUIS. CN-CAST EP.#37 - Cubat\u00e3o Not\u00edcias","isPartOf":{"@id":"https:\/\/new.cubataonoticias.com\/#website"},"primaryImageOfPage":{"@id":"https:\/\/new.cubataonoticias.com\/index.php\/2023\/10\/10\/papo-de-boleiro-eduardo-farol-e-washington-luis-cn-cast-ep-37\/#primaryimage"},"image":{"@id":"https:\/\/new.cubataonoticias.com\/index.php\/2023\/10\/10\/papo-de-boleiro-eduardo-farol-e-washington-luis-cn-cast-ep-37\/#primaryimage"},"thumbnailUrl":"https:\/\/new.cubataonoticias.com\/wp-content\/uploads\/2023\/10\/hqdefault-4.jpg","datePublished":"2023-10-10T22:13:08+00:00","author":{"@id":"https:\/\/new.cubataonoticias.com\/#\/schema\/person\/774b9bbeb2e7e20683f7e5be4b966c52"},"breadcrumb":{"@id":"https:\/\/new.cubataonoticias.com\/index.php\/2023\/10\/10\/papo-de-boleiro-eduardo-farol-e-washington-luis-cn-cast-ep-37\/#breadcrumb"},"inLanguage":"pt-BR","potentialAction":[{"@type":"ReadAction","target":["https:\/\/new.cubataonoticias.com\/index.php\/2023\/10\/10\/papo-de-boleiro-eduardo-farol-e-washington-luis-cn-cast-ep-37\/"]}]},{"@type":"ImageObject","inLanguage":"pt-BR","@id":"https:\/\/new.cubataonoticias.com\/index.php\/2023\/10\/10\/papo-de-boleiro-eduardo-farol-e-washington-luis-cn-cast-ep-37\/#primaryimage","url":"https:\/\/new.cubataonoticias.com\/wp-content\/uploads\/2023\/10\/hqdefault-4.jpg","contentUrl":"https:\/\/new.cubataonoticias.com\/wp-content\/uploads\/2023\/10\/hqdefault-4.jpg","width":480,"height":360},{"@type":"BreadcrumbList","@id":"https:\/\/new.cubataonoticias.com\/index.php\/2023\/10\/10\/papo-de-boleiro-eduardo-farol-e-washington-luis-cn-cast-ep-37\/#breadcrumb","itemListElement":[{"@type":"ListItem","position":1,"name":"In\u00edcio","item":"https:\/\/new.cubataonoticias.com\/index.php\/home-v1\/"},{"@type":"ListItem","position":2,"name":"PAPO DE BOLEIRO &#8211; EDUARDO FAROL E WASHINGTON LUIS. CN-CAST EP.#37"}]},{"@type":"WebSite","@id":"https:\/\/new.cubataonoticias.com\/#website","url":"https:\/\/new.cubataonoticias.com\/","name":"Cubat\u00e3o Not\u00edcias","description":"Not\u00edcias Sobre Cubat\u00e3o e Regi\u00e3o","potentialAction":[{"@type":"SearchAction","target":{"@type":"EntryPoint","urlTemplate":"https:\/\/new.cubataonoticias.com\/?s={search_term_string}"},"query-input":{"@type":"PropertyValueSpecification","valueRequired":true,"valueName":"search_term_string"}}],"inLanguage":"pt-BR"},{"@type":"Person","@id":"https:\/\/new.cubataonoticias.com\/#\/schema\/person\/774b9bbeb2e7e20683f7e5be4b966c52","name":"Cubat\u00e3o Not\u00edcias","image":{"@type":"ImageObject","inLanguage":"pt-BR","@id":"https:\/\/new.cubataonoticias.com\/#\/schema\/person\/image\/","url":"https:\/\/secure.gravatar.com\/avatar\/83ac1e753670252c0fdf24e3497e6d69?s=96&d=mm&r=g","contentUrl":"https:\/\/secure.gravatar.com\/avatar\/83ac1e753670252c0fdf24e3497e6d69?s=96&d=mm&r=g","caption":"Cubat\u00e3o Not\u00edcias"},"sameAs":["https:\/\/new.cubataonoticias.com"],"url":"https:\/\/new.cubataonoticias.com\/index.php\/author\/cubata66_wp1\/"}]}},"_links":{"self":[{"href":"https:\/\/new.cubataonoticias.com\/index.php\/wp-json\/wp\/v2\/posts\/6195","targetHints":{"allow":["GET"]}}],"collection":[{"href":"https:\/\/new.cubataonoticias.com\/index.php\/wp-json\/wp\/v2\/posts"}],"about":[{"href":"https:\/\/new.cubataonoticias.com\/index.php\/wp-json\/wp\/v2\/types\/post"}],"author":[{"embeddable":true,"href":"https:\/\/new.cubataonoticias.com\/index.php\/wp-json\/wp\/v2\/users\/1"}],"replies":[{"embeddable":true,"href":"https:\/\/new.cubataonoticias.com\/index.php\/wp-json\/wp\/v2\/comments?post=6195"}],"version-history":[{"count":0,"href":"https:\/\/new.cubataonoticias.com\/index.php\/wp-json\/wp\/v2\/posts\/6195\/revisions"}],"wp:featuredmedia":[{"embeddable":true,"href":"https:\/\/new.cubataonoticias.com\/index.php\/wp-json\/wp\/v2\/media\/6196"}],"wp:attachment":[{"href":"https:\/\/new.cubataonoticias.com\/index.php\/wp-json\/wp\/v2\/media?parent=6195"}],"wp:term":[{"taxonomy":"category","embeddable":true,"href":"https:\/\/new.cubataonoticias.com\/index.php\/wp-json\/wp\/v2\/categories?post=6195"},{"taxonomy":"post_tag","embeddable":true,"href":"https:\/\/new.cubataonoticias.com\/index.php\/wp-json\/wp\/v2\/tags?post=6195"}],"curies":[{"name":"wp","href":"https:\/\/api.w.org\/{rel}","templated":true}]}}