{"id":7648,"date":"2024-09-09T15:19:29","date_gmt":"2024-09-09T18:19:29","guid":{"rendered":"https:\/\/cubataonoticias.com\/?p=7648"},"modified":"2024-09-09T15:19:29","modified_gmt":"2024-09-09T18:19:29","slug":"unipar-e-instituto-unipar-lancam-novo-edital-de-selecao-para-projetos-sociais","status":"publish","type":"post","link":"https:\/\/new.cubataonoticias.com\/index.php\/2024\/09\/09\/unipar-e-instituto-unipar-lancam-novo-edital-de-selecao-para-projetos-sociais\/","title":{"rendered":"Unipar e Instituto Unipar lan\u00e7am novo edital de sele\u00e7\u00e3o para projetos sociais."},"content":{"rendered":"<p><i>Iniciativas com foco no desenvolvimento humano e saneamento devem ser inscritas gratuitamente no site da empresa at\u00e9 dia 20 de setembro.<\/i><\/p>\n<p>A Unipar e o Instituto Unipar anunciam a abertura das inscri\u00e7\u00f5es para o Edital de sele\u00e7\u00e3o de Projetos Incentivados e N\u00e3o Incentivados 2024. Os interessados ir\u00e3o participar de um processo de sele\u00e7\u00e3o, com o objetivo de eleger iniciativas que promovam o desenvolvimento humano, nas frentes de cultura, educa\u00e7\u00e3o, esportes, a\u00e7\u00f5es sociais e ambientais, al\u00e9m de saneamento, que ser\u00e3o apoiados para execu\u00e7\u00e3o ao longo de 2025. O cadastro \u00e9 gratuito e deve ser feito no\u00a0<a href=\"https:\/\/editalunipar.com.br\/\" target=\"_blank\" rel=\"noopener noreferrer\">site<\/a>\u00a0at\u00e9 o dia 20 de setembro.<\/p>\n<p>&nbsp;<\/p>\n<p>Est\u00e3o aptos a participar da sele\u00e7\u00e3o Organiza\u00e7\u00f5es da Sociedade Civil (OSC) sem fins lucrativos e Pessoas Jur\u00eddicas com fins lucrativos, que possuam Projetos desportivos j\u00e1 aprovados \u00e0 capta\u00e7\u00e3o de recursos pela Lei de Incentivo ao Esporte (Lei n\u00ba 11.438\/2006); Projetos sociais j\u00e1 aprovados pelos Conselhos Municipais e\/ou Estaduais referentes aos Fundos de Direitos da Crian\u00e7a e do Adolescente, em linha com as diretrizes do Estatuto da Crian\u00e7a e do Adolescente \u2013 ECA (Lei n\u00ba 8.069\/1990); Projetos sociais j\u00e1 aprovados \u00e0 capta\u00e7\u00e3o de recursos pelos Conselhos Municipais e\/ou Estaduais referentes aos Fundos de Direitos do Idoso, em linha com as diretrizes da lei federal que instituiu o Fundo Nacional do Idoso (Lei n\u00ba 12.213\/2010); Projetos sociais j\u00e1 aprovados \u00e0 capta\u00e7\u00e3o de recursos pelo Programa Nacional de Apoio \u00e0 Aten\u00e7\u00e3o Oncol\u00f3gica (Pronon) e o Programa Nacional de Apoio \u00e0 Aten\u00e7\u00e3o da Sa\u00fade da Pessoa com Defici\u00eancia (Pronas\/PCD) (Lei n\u00ba 12.715\/2012); Projetos n\u00e3o incentivados, que ser\u00e3o apoiados com recursos pr\u00f3prios, a crit\u00e9rio da Unipar e do Instituto Unipar.<\/p>\n<p>&nbsp;<\/p>\n<p>Os projetos selecionados neste edital poder\u00e3o ser executados em todo o territ\u00f3rio nacional, com prioridade para as iniciativas realizadas nos munic\u00edpios de Cubat\u00e3o (SP), Santos (SP), S\u00e3o Vicente (SP), Guaruj\u00e1 (SP), Praia Grande (SP), S\u00e3o Paulo (SP), Santo Andr\u00e9 (SP), Rio Grande da Serra (SP), Mau\u00e1 (SP), S\u00e3o Bernardo do Campo (SP), Ribeir\u00e3o Pires (SP), Paranapiacaba (SP), Florian\u00f3polis (SC), Cama\u00e7ari (BA), Tucano (BA), Lauro de Freitas (BA), Dias d&#8217;\u00c1vila (BA) e Salvador (BA).<\/p>\n<p>&nbsp;<\/p>\n<p>&#8220;N\u00f3s buscamos projetos sociais que oferecem oportunidades de crescimento pessoal e profissional para indiv\u00edduos em situa\u00e7\u00f5es de vulnerabilidade ou potencializam op\u00e7\u00f5es para os que tem alternativas restritas. Queremos gerar valor para a comunidade, fortalecendo o desenvolvimento humano e promovendo a melhoria da qualidade de vida nas localidades onde atuamos e na sociedade como um todo. Este nosso direcionamento est\u00e1 em linha com nosso prop\u00f3sito de ser confi\u00e1vel e gerar valor em todas as nossas rela\u00e7\u00f5es, afirma Suzana Santos, diretora de Comunica\u00e7\u00e3o e Sustentabilidade da Unipar.<\/p>\n<p>&nbsp;<\/p>\n<p><strong>Olhar especial para as comunidades do entorno<\/strong><\/p>\n<p><strong>\u00a0<\/strong><\/p>\n<p>Em 2024, apoiamos 43 projetos. A maior parte localizada no entorno de nossas f\u00e1bricas. Um dos exemplos, foi o Sementinhas do Esporte, realizado em Cubat\u00e3o e Paranapiacaba, em S\u00e3o Paulo, e em Tucano, na Bahia. A iniciativa promove aulas de futsal para meninas e meninos de 6 a 12 anos.<\/p>\n<p>&nbsp;<\/p>\n<p>Outro exemplo \u00e9 o Projeto Pescar, que \u00e9 voltado para o desenvolvimento pessoal e cidad\u00e3o, al\u00e9m de t\u00e9cnico e profissional dos jovens participantes. Para isso, trabalha conceitos de autoconhecimento, sa\u00fade, viv\u00eancia, assim como o relacionamento interpessoal e em grupo. O curso oferecido pela Unidade Pescar Unipar, em Santo Andr\u00e9, capacita jovens de 16 a 19 anos para ingressar no mercado de trabalho desde 2020, e est\u00e1 na forma\u00e7\u00e3o de sua sexta turma.<\/p>\n<p>&nbsp;<\/p>\n<p>Al\u00e9m das iniciativas realizadas nas comunidades, principalmente no entorno das f\u00e1bricas, a Unipar e o Instituto Unipar tamb\u00e9m apoiam projetos nacionais, como a SP-Arte, o MAM-SP, MIS-SP, o Museu Catavento-SP, o Museu Imperial do Rio de Janeiro, a Pinacoteca e a Bienal.<\/p>\n<p>&nbsp;<\/p>\n<p>O resultado da sele\u00e7\u00e3o est\u00e1 previsto para ser divulgado at\u00e9 dezembro, no mesmo site da inscri\u00e7\u00e3o.<br \/>\nPara conhecer todas as iniciativas de investimento social privado da Unipar e do Instituto Unipar, acesse o\u00a0<a href=\"https:\/\/unipar.com\/sustentabilidade\/desenvolvimento-humano\" target=\"_blank\" rel=\"noopener noreferrer\">link<\/a>.<br \/>\n<strong>Como fazer a inscri\u00e7\u00e3o:<\/strong><\/p>\n<p><strong>Per\u00edodo:\u00a0<\/strong>at\u00e9 o dia 20 de setembro<\/p>\n<p><strong>Site:<\/strong>\u00a0<a href=\"https:\/\/editalunipar.com.br\/\" target=\"_blank\" rel=\"noopener noreferrer\">Link<\/a><\/p>\n<p><strong>Mais informa\u00e7\u00f5es:\u00a0<\/strong><u><a href=\"mailto:editais@grupounivers.com.br\" rel=\"noreferrer\">editais@grupounivers.com.br<\/a><\/u><\/p>\n<p><strong>D\u00favidas t\u00e9cnicas sobre a plataforma:<\/strong>\u00a0<a href=\"mailto:suporte@prosas.com.br\" rel=\"noreferrer\">suporte@prosas.com.br<\/a>.<\/p>\n","protected":false},"excerpt":{"rendered":"<p>Iniciativas com foco no desenvolvimento humano e saneamento devem ser inscritas gratuitamente no site da empresa at\u00e9 dia 20 de setembro. A Unipar e o Instituto Unipar anunciam a abertura das inscri\u00e7\u00f5es para o Edital de sele\u00e7\u00e3o de Projetos Incentivados e N\u00e3o Incentivados 2024. Os interessados ir\u00e3o participar de um processo de sele\u00e7\u00e3o, com o objetivo de eleger iniciativas que promovam o desenvolvimento humano, nas frentes de cultura, educa\u00e7\u00e3o, esportes, a\u00e7\u00f5es sociais e ambientais, al\u00e9m de saneamento, que ser\u00e3o apoiados para execu\u00e7\u00e3o ao longo de 2025. O cadastro \u00e9 gratuito e deve ser feito no\u00a0site\u00a0at\u00e9 o dia 20 de setembro. &nbsp; Est\u00e3o aptos a participar da sele\u00e7\u00e3o Organiza\u00e7\u00f5es da Sociedade Civil (OSC) sem fins lucrativos e Pessoas Jur\u00eddicas com fins lucrativos, que possuam Projetos desportivos j\u00e1 aprovados \u00e0 capta\u00e7\u00e3o de recursos pela Lei de Incentivo ao Esporte (Lei n\u00ba 11.438\/2006); Projetos sociais j\u00e1 aprovados pelos Conselhos Municipais e\/ou Estaduais referentes aos Fundos de Direitos da Crian\u00e7a e do Adolescente, em linha com as diretrizes do Estatuto da Crian\u00e7a e do Adolescente \u2013 ECA (Lei n\u00ba 8.069\/1990); Projetos sociais j\u00e1 aprovados \u00e0 capta\u00e7\u00e3o de recursos pelos Conselhos Municipais e\/ou Estaduais referentes aos Fundos de Direitos do Idoso, em linha com as diretrizes da lei federal que instituiu o Fundo Nacional do Idoso (Lei n\u00ba 12.213\/2010); Projetos sociais j\u00e1 aprovados \u00e0 capta\u00e7\u00e3o de recursos pelo Programa Nacional de Apoio \u00e0 Aten\u00e7\u00e3o Oncol\u00f3gica (Pronon) e o Programa Nacional de Apoio \u00e0 Aten\u00e7\u00e3o da Sa\u00fade da Pessoa com Defici\u00eancia (Pronas\/PCD) (Lei n\u00ba 12.715\/2012); Projetos n\u00e3o incentivados, que ser\u00e3o apoiados com recursos pr\u00f3prios, a crit\u00e9rio da Unipar e do Instituto Unipar. &nbsp; Os projetos selecionados neste edital poder\u00e3o ser executados em todo o territ\u00f3rio nacional, com prioridade para as iniciativas realizadas nos munic\u00edpios de Cubat\u00e3o (SP), Santos (SP), S\u00e3o Vicente (SP), Guaruj\u00e1 (SP), Praia Grande (SP), S\u00e3o Paulo (SP), Santo Andr\u00e9 (SP), Rio Grande da Serra (SP), Mau\u00e1 (SP), S\u00e3o Bernardo do Campo (SP), Ribeir\u00e3o Pires (SP), Paranapiacaba (SP), Florian\u00f3polis (SC), Cama\u00e7ari (BA), Tucano (BA), Lauro de Freitas (BA), Dias d&#8217;\u00c1vila (BA) e Salvador (BA). &nbsp; &#8220;N\u00f3s buscamos projetos sociais que oferecem oportunidades de crescimento pessoal e profissional para indiv\u00edduos em situa\u00e7\u00f5es de vulnerabilidade ou potencializam op\u00e7\u00f5es para os que tem alternativas restritas. Queremos gerar valor para a comunidade, fortalecendo o desenvolvimento humano e promovendo a melhoria da qualidade de vida nas localidades onde atuamos e na sociedade como um todo. Este nosso direcionamento est\u00e1 em linha com nosso prop\u00f3sito de ser confi\u00e1vel e gerar valor em todas as nossas rela\u00e7\u00f5es, afirma Suzana Santos, diretora de Comunica\u00e7\u00e3o e Sustentabilidade da Unipar. &nbsp; Olhar especial para as comunidades do entorno \u00a0 Em 2024, apoiamos 43 projetos. A maior parte localizada no entorno de nossas f\u00e1bricas. Um dos exemplos, foi o Sementinhas do Esporte, realizado em Cubat\u00e3o e Paranapiacaba, em S\u00e3o Paulo, e em Tucano, na Bahia. A iniciativa promove aulas de futsal para meninas e meninos de 6 a 12 anos. &nbsp; Outro exemplo \u00e9 o Projeto Pescar, que \u00e9 voltado para o desenvolvimento pessoal e cidad\u00e3o, al\u00e9m de t\u00e9cnico e profissional dos jovens participantes. Para isso, trabalha conceitos de autoconhecimento, sa\u00fade, viv\u00eancia, assim como o relacionamento interpessoal e em grupo. O curso oferecido pela Unidade Pescar Unipar, em Santo Andr\u00e9, capacita jovens de 16 a 19 anos para ingressar no mercado de trabalho desde 2020, e est\u00e1 na forma\u00e7\u00e3o de sua sexta turma. &nbsp; Al\u00e9m das iniciativas realizadas nas comunidades, principalmente no entorno das f\u00e1bricas, a Unipar e o Instituto Unipar tamb\u00e9m apoiam projetos nacionais, como a SP-Arte, o MAM-SP, MIS-SP, o Museu Catavento-SP, o Museu Imperial do Rio de Janeiro, a Pinacoteca e a Bienal. &nbsp; O resultado da sele\u00e7\u00e3o est\u00e1 previsto para ser divulgado at\u00e9 dezembro, no mesmo site da inscri\u00e7\u00e3o. Para conhecer todas as iniciativas de investimento social privado da Unipar e do Instituto Unipar, acesse o\u00a0link. Como fazer a inscri\u00e7\u00e3o: Per\u00edodo:\u00a0at\u00e9 o dia 20 de setembro Site:\u00a0Link Mais informa\u00e7\u00f5es:\u00a0editais@grupounivers.com.br D\u00favidas t\u00e9cnicas sobre a plataforma:\u00a0suporte@prosas.com.br.<\/p>\n","protected":false},"author":1,"featured_media":7649,"comment_status":"closed","ping_status":"closed","sticky":false,"template":"","format":"standard","meta":{"footnotes":""},"categories":[16,881],"tags":[],"class_list":["post-7648","post","type-post","status-publish","format-standard","has-post-thumbnail","hentry","category-cubatao","category-industria"],"yoast_head":"<!-- This site is optimized with the Yoast SEO plugin v24.6 - https:\/\/yoast.com\/wordpress\/plugins\/seo\/ -->\n<title>Unipar e Instituto Unipar lan\u00e7am novo edital de sele\u00e7\u00e3o para projetos sociais. - Cubat\u00e3o Not\u00edcias<\/title>\n<meta name=\"robots\" content=\"index, follow, max-snippet:-1, max-image-preview:large, max-video-preview:-1\" \/>\n<link rel=\"canonical\" href=\"https:\/\/new.cubataonoticias.com\/index.php\/2024\/09\/09\/unipar-e-instituto-unipar-lancam-novo-edital-de-selecao-para-projetos-sociais\/\" \/>\n<meta property=\"og:locale\" content=\"pt_BR\" \/>\n<meta property=\"og:type\" content=\"article\" \/>\n<meta property=\"og:title\" content=\"Unipar e Instituto Unipar lan\u00e7am novo edital de sele\u00e7\u00e3o para projetos sociais. - Cubat\u00e3o Not\u00edcias\" \/>\n<meta property=\"og:description\" content=\"Iniciativas com foco no desenvolvimento humano e saneamento devem ser inscritas gratuitamente no site da empresa at\u00e9 dia 20 de setembro. A Unipar e o Instituto Unipar anunciam a abertura das inscri\u00e7\u00f5es para o Edital de sele\u00e7\u00e3o de Projetos Incentivados e N\u00e3o Incentivados 2024. Os interessados ir\u00e3o participar de um processo de sele\u00e7\u00e3o, com o objetivo de eleger iniciativas que promovam o desenvolvimento humano, nas frentes de cultura, educa\u00e7\u00e3o, esportes, a\u00e7\u00f5es sociais e ambientais, al\u00e9m de saneamento, que ser\u00e3o apoiados para execu\u00e7\u00e3o ao longo de 2025. O cadastro \u00e9 gratuito e deve ser feito no\u00a0site\u00a0at\u00e9 o dia 20 de setembro. &nbsp; Est\u00e3o aptos a participar da sele\u00e7\u00e3o Organiza\u00e7\u00f5es da Sociedade Civil (OSC) sem fins lucrativos e Pessoas Jur\u00eddicas com fins lucrativos, que possuam Projetos desportivos j\u00e1 aprovados \u00e0 capta\u00e7\u00e3o de recursos pela Lei de Incentivo ao Esporte (Lei n\u00ba 11.438\/2006); Projetos sociais j\u00e1 aprovados pelos Conselhos Municipais e\/ou Estaduais referentes aos Fundos de Direitos da Crian\u00e7a e do Adolescente, em linha com as diretrizes do Estatuto da Crian\u00e7a e do Adolescente \u2013 ECA (Lei n\u00ba 8.069\/1990); Projetos sociais j\u00e1 aprovados \u00e0 capta\u00e7\u00e3o de recursos pelos Conselhos Municipais e\/ou Estaduais referentes aos Fundos de Direitos do Idoso, em linha com as diretrizes da lei federal que instituiu o Fundo Nacional do Idoso (Lei n\u00ba 12.213\/2010); Projetos sociais j\u00e1 aprovados \u00e0 capta\u00e7\u00e3o de recursos pelo Programa Nacional de Apoio \u00e0 Aten\u00e7\u00e3o Oncol\u00f3gica (Pronon) e o Programa Nacional de Apoio \u00e0 Aten\u00e7\u00e3o da Sa\u00fade da Pessoa com Defici\u00eancia (Pronas\/PCD) (Lei n\u00ba 12.715\/2012); Projetos n\u00e3o incentivados, que ser\u00e3o apoiados com recursos pr\u00f3prios, a crit\u00e9rio da Unipar e do Instituto Unipar. &nbsp; Os projetos selecionados neste edital poder\u00e3o ser executados em todo o territ\u00f3rio nacional, com prioridade para as iniciativas realizadas nos munic\u00edpios de Cubat\u00e3o (SP), Santos (SP), S\u00e3o Vicente (SP), Guaruj\u00e1 (SP), Praia Grande (SP), S\u00e3o Paulo (SP), Santo Andr\u00e9 (SP), Rio Grande da Serra (SP), Mau\u00e1 (SP), S\u00e3o Bernardo do Campo (SP), Ribeir\u00e3o Pires (SP), Paranapiacaba (SP), Florian\u00f3polis (SC), Cama\u00e7ari (BA), Tucano (BA), Lauro de Freitas (BA), Dias d&#8217;\u00c1vila (BA) e Salvador (BA). &nbsp; &#8220;N\u00f3s buscamos projetos sociais que oferecem oportunidades de crescimento pessoal e profissional para indiv\u00edduos em situa\u00e7\u00f5es de vulnerabilidade ou potencializam op\u00e7\u00f5es para os que tem alternativas restritas. Queremos gerar valor para a comunidade, fortalecendo o desenvolvimento humano e promovendo a melhoria da qualidade de vida nas localidades onde atuamos e na sociedade como um todo. Este nosso direcionamento est\u00e1 em linha com nosso prop\u00f3sito de ser confi\u00e1vel e gerar valor em todas as nossas rela\u00e7\u00f5es, afirma Suzana Santos, diretora de Comunica\u00e7\u00e3o e Sustentabilidade da Unipar. &nbsp; Olhar especial para as comunidades do entorno \u00a0 Em 2024, apoiamos 43 projetos. A maior parte localizada no entorno de nossas f\u00e1bricas. Um dos exemplos, foi o Sementinhas do Esporte, realizado em Cubat\u00e3o e Paranapiacaba, em S\u00e3o Paulo, e em Tucano, na Bahia. A iniciativa promove aulas de futsal para meninas e meninos de 6 a 12 anos. &nbsp; Outro exemplo \u00e9 o Projeto Pescar, que \u00e9 voltado para o desenvolvimento pessoal e cidad\u00e3o, al\u00e9m de t\u00e9cnico e profissional dos jovens participantes. Para isso, trabalha conceitos de autoconhecimento, sa\u00fade, viv\u00eancia, assim como o relacionamento interpessoal e em grupo. O curso oferecido pela Unidade Pescar Unipar, em Santo Andr\u00e9, capacita jovens de 16 a 19 anos para ingressar no mercado de trabalho desde 2020, e est\u00e1 na forma\u00e7\u00e3o de sua sexta turma. &nbsp; Al\u00e9m das iniciativas realizadas nas comunidades, principalmente no entorno das f\u00e1bricas, a Unipar e o Instituto Unipar tamb\u00e9m apoiam projetos nacionais, como a SP-Arte, o MAM-SP, MIS-SP, o Museu Catavento-SP, o Museu Imperial do Rio de Janeiro, a Pinacoteca e a Bienal. &nbsp; O resultado da sele\u00e7\u00e3o est\u00e1 previsto para ser divulgado at\u00e9 dezembro, no mesmo site da inscri\u00e7\u00e3o. Para conhecer todas as iniciativas de investimento social privado da Unipar e do Instituto Unipar, acesse o\u00a0link. Como fazer a inscri\u00e7\u00e3o: Per\u00edodo:\u00a0at\u00e9 o dia 20 de setembro Site:\u00a0Link Mais informa\u00e7\u00f5es:\u00a0editais@grupounivers.com.br D\u00favidas t\u00e9cnicas sobre a plataforma:\u00a0suporte@prosas.com.br.\" \/>\n<meta property=\"og:url\" content=\"https:\/\/new.cubataonoticias.com\/index.php\/2024\/09\/09\/unipar-e-instituto-unipar-lancam-novo-edital-de-selecao-para-projetos-sociais\/\" \/>\n<meta property=\"og:site_name\" content=\"Cubat\u00e3o Not\u00edcias\" \/>\n<meta property=\"article:publisher\" content=\"https:\/\/www.facebook.com\/CubataoNoticiasOficial\/\" \/>\n<meta property=\"article:published_time\" content=\"2024-09-09T18:19:29+00:00\" \/>\n<meta property=\"og:image\" content=\"https:\/\/new.cubataonoticias.com\/wp-content\/uploads\/2024\/09\/handler-_1_.jpg\" \/>\n\t<meta property=\"og:image:width\" content=\"800\" \/>\n\t<meta property=\"og:image:height\" content=\"533\" \/>\n\t<meta property=\"og:image:type\" content=\"image\/jpeg\" \/>\n<meta name=\"author\" content=\"Cubat\u00e3o Not\u00edcias\" \/>\n<meta name=\"twitter:card\" content=\"summary_large_image\" \/>\n<meta name=\"twitter:creator\" content=\"@CubataoNoticias\" \/>\n<meta name=\"twitter:site\" content=\"@CubataoNoticias\" \/>\n<meta name=\"twitter:label1\" content=\"Escrito por\" \/>\n\t<meta name=\"twitter:data1\" content=\"Cubat\u00e3o Not\u00edcias\" \/>\n\t<meta name=\"twitter:label2\" content=\"Est. tempo de leitura\" \/>\n\t<meta name=\"twitter:data2\" content=\"4 minutos\" \/>\n<script type=\"application\/ld+json\" class=\"yoast-schema-graph\">{\"@context\":\"https:\/\/schema.org\",\"@graph\":[{\"@type\":\"WebPage\",\"@id\":\"https:\/\/new.cubataonoticias.com\/index.php\/2024\/09\/09\/unipar-e-instituto-unipar-lancam-novo-edital-de-selecao-para-projetos-sociais\/\",\"url\":\"https:\/\/new.cubataonoticias.com\/index.php\/2024\/09\/09\/unipar-e-instituto-unipar-lancam-novo-edital-de-selecao-para-projetos-sociais\/\",\"name\":\"Unipar e Instituto Unipar lan\u00e7am novo edital de sele\u00e7\u00e3o para projetos sociais. - Cubat\u00e3o Not\u00edcias\",\"isPartOf\":{\"@id\":\"https:\/\/new.cubataonoticias.com\/#website\"},\"primaryImageOfPage\":{\"@id\":\"https:\/\/new.cubataonoticias.com\/index.php\/2024\/09\/09\/unipar-e-instituto-unipar-lancam-novo-edital-de-selecao-para-projetos-sociais\/#primaryimage\"},\"image\":{\"@id\":\"https:\/\/new.cubataonoticias.com\/index.php\/2024\/09\/09\/unipar-e-instituto-unipar-lancam-novo-edital-de-selecao-para-projetos-sociais\/#primaryimage\"},\"thumbnailUrl\":\"https:\/\/new.cubataonoticias.com\/wp-content\/uploads\/2024\/09\/handler-_1_.jpg\",\"datePublished\":\"2024-09-09T18:19:29+00:00\",\"author\":{\"@id\":\"https:\/\/new.cubataonoticias.com\/#\/schema\/person\/774b9bbeb2e7e20683f7e5be4b966c52\"},\"breadcrumb\":{\"@id\":\"https:\/\/new.cubataonoticias.com\/index.php\/2024\/09\/09\/unipar-e-instituto-unipar-lancam-novo-edital-de-selecao-para-projetos-sociais\/#breadcrumb\"},\"inLanguage\":\"pt-BR\",\"potentialAction\":[{\"@type\":\"ReadAction\",\"target\":[\"https:\/\/new.cubataonoticias.com\/index.php\/2024\/09\/09\/unipar-e-instituto-unipar-lancam-novo-edital-de-selecao-para-projetos-sociais\/\"]}]},{\"@type\":\"ImageObject\",\"inLanguage\":\"pt-BR\",\"@id\":\"https:\/\/new.cubataonoticias.com\/index.php\/2024\/09\/09\/unipar-e-instituto-unipar-lancam-novo-edital-de-selecao-para-projetos-sociais\/#primaryimage\",\"url\":\"https:\/\/new.cubataonoticias.com\/wp-content\/uploads\/2024\/09\/handler-_1_.jpg\",\"contentUrl\":\"https:\/\/new.cubataonoticias.com\/wp-content\/uploads\/2024\/09\/handler-_1_.jpg\",\"width\":800,\"height\":533,\"caption\":\"Fotografia da unidade Cubat\u00e3o da Unipar. Cubat\u00e3o\/SP.\"},{\"@type\":\"BreadcrumbList\",\"@id\":\"https:\/\/new.cubataonoticias.com\/index.php\/2024\/09\/09\/unipar-e-instituto-unipar-lancam-novo-edital-de-selecao-para-projetos-sociais\/#breadcrumb\",\"itemListElement\":[{\"@type\":\"ListItem\",\"position\":1,\"name\":\"In\u00edcio\",\"item\":\"https:\/\/new.cubataonoticias.com\/index.php\/home-v1\/\"},{\"@type\":\"ListItem\",\"position\":2,\"name\":\"Unipar e Instituto Unipar lan\u00e7am novo edital de sele\u00e7\u00e3o para projetos sociais.\"}]},{\"@type\":\"WebSite\",\"@id\":\"https:\/\/new.cubataonoticias.com\/#website\",\"url\":\"https:\/\/new.cubataonoticias.com\/\",\"name\":\"Cubat\u00e3o Not\u00edcias\",\"description\":\"Not\u00edcias Sobre Cubat\u00e3o e Regi\u00e3o\",\"potentialAction\":[{\"@type\":\"SearchAction\",\"target\":{\"@type\":\"EntryPoint\",\"urlTemplate\":\"https:\/\/new.cubataonoticias.com\/?s={search_term_string}\"},\"query-input\":{\"@type\":\"PropertyValueSpecification\",\"valueRequired\":true,\"valueName\":\"search_term_string\"}}],\"inLanguage\":\"pt-BR\"},{\"@type\":\"Person\",\"@id\":\"https:\/\/new.cubataonoticias.com\/#\/schema\/person\/774b9bbeb2e7e20683f7e5be4b966c52\",\"name\":\"Cubat\u00e3o Not\u00edcias\",\"image\":{\"@type\":\"ImageObject\",\"inLanguage\":\"pt-BR\",\"@id\":\"https:\/\/new.cubataonoticias.com\/#\/schema\/person\/image\/\",\"url\":\"https:\/\/secure.gravatar.com\/avatar\/83ac1e753670252c0fdf24e3497e6d69?s=96&d=mm&r=g\",\"contentUrl\":\"https:\/\/secure.gravatar.com\/avatar\/83ac1e753670252c0fdf24e3497e6d69?s=96&d=mm&r=g\",\"caption\":\"Cubat\u00e3o Not\u00edcias\"},\"sameAs\":[\"https:\/\/new.cubataonoticias.com\"],\"url\":\"https:\/\/new.cubataonoticias.com\/index.php\/author\/cubata66_wp1\/\"}]}<\/script>\n<!-- \/ Yoast SEO plugin. -->","yoast_head_json":{"title":"Unipar e Instituto Unipar lan\u00e7am novo edital de sele\u00e7\u00e3o para projetos sociais. - Cubat\u00e3o Not\u00edcias","robots":{"index":"index","follow":"follow","max-snippet":"max-snippet:-1","max-image-preview":"max-image-preview:large","max-video-preview":"max-video-preview:-1"},"canonical":"https:\/\/new.cubataonoticias.com\/index.php\/2024\/09\/09\/unipar-e-instituto-unipar-lancam-novo-edital-de-selecao-para-projetos-sociais\/","og_locale":"pt_BR","og_type":"article","og_title":"Unipar e Instituto Unipar lan\u00e7am novo edital de sele\u00e7\u00e3o para projetos sociais. - Cubat\u00e3o Not\u00edcias","og_description":"Iniciativas com foco no desenvolvimento humano e saneamento devem ser inscritas gratuitamente no site da empresa at\u00e9 dia 20 de setembro. A Unipar e o Instituto Unipar anunciam a abertura das inscri\u00e7\u00f5es para o Edital de sele\u00e7\u00e3o de Projetos Incentivados e N\u00e3o Incentivados 2024. Os interessados ir\u00e3o participar de um processo de sele\u00e7\u00e3o, com o objetivo de eleger iniciativas que promovam o desenvolvimento humano, nas frentes de cultura, educa\u00e7\u00e3o, esportes, a\u00e7\u00f5es sociais e ambientais, al\u00e9m de saneamento, que ser\u00e3o apoiados para execu\u00e7\u00e3o ao longo de 2025. O cadastro \u00e9 gratuito e deve ser feito no\u00a0site\u00a0at\u00e9 o dia 20 de setembro. &nbsp; Est\u00e3o aptos a participar da sele\u00e7\u00e3o Organiza\u00e7\u00f5es da Sociedade Civil (OSC) sem fins lucrativos e Pessoas Jur\u00eddicas com fins lucrativos, que possuam Projetos desportivos j\u00e1 aprovados \u00e0 capta\u00e7\u00e3o de recursos pela Lei de Incentivo ao Esporte (Lei n\u00ba 11.438\/2006); Projetos sociais j\u00e1 aprovados pelos Conselhos Municipais e\/ou Estaduais referentes aos Fundos de Direitos da Crian\u00e7a e do Adolescente, em linha com as diretrizes do Estatuto da Crian\u00e7a e do Adolescente \u2013 ECA (Lei n\u00ba 8.069\/1990); Projetos sociais j\u00e1 aprovados \u00e0 capta\u00e7\u00e3o de recursos pelos Conselhos Municipais e\/ou Estaduais referentes aos Fundos de Direitos do Idoso, em linha com as diretrizes da lei federal que instituiu o Fundo Nacional do Idoso (Lei n\u00ba 12.213\/2010); Projetos sociais j\u00e1 aprovados \u00e0 capta\u00e7\u00e3o de recursos pelo Programa Nacional de Apoio \u00e0 Aten\u00e7\u00e3o Oncol\u00f3gica (Pronon) e o Programa Nacional de Apoio \u00e0 Aten\u00e7\u00e3o da Sa\u00fade da Pessoa com Defici\u00eancia (Pronas\/PCD) (Lei n\u00ba 12.715\/2012); Projetos n\u00e3o incentivados, que ser\u00e3o apoiados com recursos pr\u00f3prios, a crit\u00e9rio da Unipar e do Instituto Unipar. &nbsp; Os projetos selecionados neste edital poder\u00e3o ser executados em todo o territ\u00f3rio nacional, com prioridade para as iniciativas realizadas nos munic\u00edpios de Cubat\u00e3o (SP), Santos (SP), S\u00e3o Vicente (SP), Guaruj\u00e1 (SP), Praia Grande (SP), S\u00e3o Paulo (SP), Santo Andr\u00e9 (SP), Rio Grande da Serra (SP), Mau\u00e1 (SP), S\u00e3o Bernardo do Campo (SP), Ribeir\u00e3o Pires (SP), Paranapiacaba (SP), Florian\u00f3polis (SC), Cama\u00e7ari (BA), Tucano (BA), Lauro de Freitas (BA), Dias d&#8217;\u00c1vila (BA) e Salvador (BA). &nbsp; &#8220;N\u00f3s buscamos projetos sociais que oferecem oportunidades de crescimento pessoal e profissional para indiv\u00edduos em situa\u00e7\u00f5es de vulnerabilidade ou potencializam op\u00e7\u00f5es para os que tem alternativas restritas. Queremos gerar valor para a comunidade, fortalecendo o desenvolvimento humano e promovendo a melhoria da qualidade de vida nas localidades onde atuamos e na sociedade como um todo. Este nosso direcionamento est\u00e1 em linha com nosso prop\u00f3sito de ser confi\u00e1vel e gerar valor em todas as nossas rela\u00e7\u00f5es, afirma Suzana Santos, diretora de Comunica\u00e7\u00e3o e Sustentabilidade da Unipar. &nbsp; Olhar especial para as comunidades do entorno \u00a0 Em 2024, apoiamos 43 projetos. A maior parte localizada no entorno de nossas f\u00e1bricas. Um dos exemplos, foi o Sementinhas do Esporte, realizado em Cubat\u00e3o e Paranapiacaba, em S\u00e3o Paulo, e em Tucano, na Bahia. A iniciativa promove aulas de futsal para meninas e meninos de 6 a 12 anos. &nbsp; Outro exemplo \u00e9 o Projeto Pescar, que \u00e9 voltado para o desenvolvimento pessoal e cidad\u00e3o, al\u00e9m de t\u00e9cnico e profissional dos jovens participantes. Para isso, trabalha conceitos de autoconhecimento, sa\u00fade, viv\u00eancia, assim como o relacionamento interpessoal e em grupo. O curso oferecido pela Unidade Pescar Unipar, em Santo Andr\u00e9, capacita jovens de 16 a 19 anos para ingressar no mercado de trabalho desde 2020, e est\u00e1 na forma\u00e7\u00e3o de sua sexta turma. &nbsp; Al\u00e9m das iniciativas realizadas nas comunidades, principalmente no entorno das f\u00e1bricas, a Unipar e o Instituto Unipar tamb\u00e9m apoiam projetos nacionais, como a SP-Arte, o MAM-SP, MIS-SP, o Museu Catavento-SP, o Museu Imperial do Rio de Janeiro, a Pinacoteca e a Bienal. &nbsp; O resultado da sele\u00e7\u00e3o est\u00e1 previsto para ser divulgado at\u00e9 dezembro, no mesmo site da inscri\u00e7\u00e3o. Para conhecer todas as iniciativas de investimento social privado da Unipar e do Instituto Unipar, acesse o\u00a0link. Como fazer a inscri\u00e7\u00e3o: Per\u00edodo:\u00a0at\u00e9 o dia 20 de setembro Site:\u00a0Link Mais informa\u00e7\u00f5es:\u00a0editais@grupounivers.com.br D\u00favidas t\u00e9cnicas sobre a plataforma:\u00a0suporte@prosas.com.br.","og_url":"https:\/\/new.cubataonoticias.com\/index.php\/2024\/09\/09\/unipar-e-instituto-unipar-lancam-novo-edital-de-selecao-para-projetos-sociais\/","og_site_name":"Cubat\u00e3o Not\u00edcias","article_publisher":"https:\/\/www.facebook.com\/CubataoNoticiasOficial\/","article_published_time":"2024-09-09T18:19:29+00:00","og_image":[{"width":800,"height":533,"url":"https:\/\/new.cubataonoticias.com\/wp-content\/uploads\/2024\/09\/handler-_1_.jpg","type":"image\/jpeg"}],"author":"Cubat\u00e3o Not\u00edcias","twitter_card":"summary_large_image","twitter_creator":"@CubataoNoticias","twitter_site":"@CubataoNoticias","twitter_misc":{"Escrito por":"Cubat\u00e3o Not\u00edcias","Est. tempo de leitura":"4 minutos"},"schema":{"@context":"https:\/\/schema.org","@graph":[{"@type":"WebPage","@id":"https:\/\/new.cubataonoticias.com\/index.php\/2024\/09\/09\/unipar-e-instituto-unipar-lancam-novo-edital-de-selecao-para-projetos-sociais\/","url":"https:\/\/new.cubataonoticias.com\/index.php\/2024\/09\/09\/unipar-e-instituto-unipar-lancam-novo-edital-de-selecao-para-projetos-sociais\/","name":"Unipar e Instituto Unipar lan\u00e7am novo edital de sele\u00e7\u00e3o para projetos sociais. - Cubat\u00e3o Not\u00edcias","isPartOf":{"@id":"https:\/\/new.cubataonoticias.com\/#website"},"primaryImageOfPage":{"@id":"https:\/\/new.cubataonoticias.com\/index.php\/2024\/09\/09\/unipar-e-instituto-unipar-lancam-novo-edital-de-selecao-para-projetos-sociais\/#primaryimage"},"image":{"@id":"https:\/\/new.cubataonoticias.com\/index.php\/2024\/09\/09\/unipar-e-instituto-unipar-lancam-novo-edital-de-selecao-para-projetos-sociais\/#primaryimage"},"thumbnailUrl":"https:\/\/new.cubataonoticias.com\/wp-content\/uploads\/2024\/09\/handler-_1_.jpg","datePublished":"2024-09-09T18:19:29+00:00","author":{"@id":"https:\/\/new.cubataonoticias.com\/#\/schema\/person\/774b9bbeb2e7e20683f7e5be4b966c52"},"breadcrumb":{"@id":"https:\/\/new.cubataonoticias.com\/index.php\/2024\/09\/09\/unipar-e-instituto-unipar-lancam-novo-edital-de-selecao-para-projetos-sociais\/#breadcrumb"},"inLanguage":"pt-BR","potentialAction":[{"@type":"ReadAction","target":["https:\/\/new.cubataonoticias.com\/index.php\/2024\/09\/09\/unipar-e-instituto-unipar-lancam-novo-edital-de-selecao-para-projetos-sociais\/"]}]},{"@type":"ImageObject","inLanguage":"pt-BR","@id":"https:\/\/new.cubataonoticias.com\/index.php\/2024\/09\/09\/unipar-e-instituto-unipar-lancam-novo-edital-de-selecao-para-projetos-sociais\/#primaryimage","url":"https:\/\/new.cubataonoticias.com\/wp-content\/uploads\/2024\/09\/handler-_1_.jpg","contentUrl":"https:\/\/new.cubataonoticias.com\/wp-content\/uploads\/2024\/09\/handler-_1_.jpg","width":800,"height":533,"caption":"Fotografia da unidade Cubat\u00e3o da Unipar. Cubat\u00e3o\/SP."},{"@type":"BreadcrumbList","@id":"https:\/\/new.cubataonoticias.com\/index.php\/2024\/09\/09\/unipar-e-instituto-unipar-lancam-novo-edital-de-selecao-para-projetos-sociais\/#breadcrumb","itemListElement":[{"@type":"ListItem","position":1,"name":"In\u00edcio","item":"https:\/\/new.cubataonoticias.com\/index.php\/home-v1\/"},{"@type":"ListItem","position":2,"name":"Unipar e Instituto Unipar lan\u00e7am novo edital de sele\u00e7\u00e3o para projetos sociais."}]},{"@type":"WebSite","@id":"https:\/\/new.cubataonoticias.com\/#website","url":"https:\/\/new.cubataonoticias.com\/","name":"Cubat\u00e3o Not\u00edcias","description":"Not\u00edcias Sobre Cubat\u00e3o e Regi\u00e3o","potentialAction":[{"@type":"SearchAction","target":{"@type":"EntryPoint","urlTemplate":"https:\/\/new.cubataonoticias.com\/?s={search_term_string}"},"query-input":{"@type":"PropertyValueSpecification","valueRequired":true,"valueName":"search_term_string"}}],"inLanguage":"pt-BR"},{"@type":"Person","@id":"https:\/\/new.cubataonoticias.com\/#\/schema\/person\/774b9bbeb2e7e20683f7e5be4b966c52","name":"Cubat\u00e3o Not\u00edcias","image":{"@type":"ImageObject","inLanguage":"pt-BR","@id":"https:\/\/new.cubataonoticias.com\/#\/schema\/person\/image\/","url":"https:\/\/secure.gravatar.com\/avatar\/83ac1e753670252c0fdf24e3497e6d69?s=96&d=mm&r=g","contentUrl":"https:\/\/secure.gravatar.com\/avatar\/83ac1e753670252c0fdf24e3497e6d69?s=96&d=mm&r=g","caption":"Cubat\u00e3o Not\u00edcias"},"sameAs":["https:\/\/new.cubataonoticias.com"],"url":"https:\/\/new.cubataonoticias.com\/index.php\/author\/cubata66_wp1\/"}]}},"_links":{"self":[{"href":"https:\/\/new.cubataonoticias.com\/index.php\/wp-json\/wp\/v2\/posts\/7648","targetHints":{"allow":["GET"]}}],"collection":[{"href":"https:\/\/new.cubataonoticias.com\/index.php\/wp-json\/wp\/v2\/posts"}],"about":[{"href":"https:\/\/new.cubataonoticias.com\/index.php\/wp-json\/wp\/v2\/types\/post"}],"author":[{"embeddable":true,"href":"https:\/\/new.cubataonoticias.com\/index.php\/wp-json\/wp\/v2\/users\/1"}],"replies":[{"embeddable":true,"href":"https:\/\/new.cubataonoticias.com\/index.php\/wp-json\/wp\/v2\/comments?post=7648"}],"version-history":[{"count":1,"href":"https:\/\/new.cubataonoticias.com\/index.php\/wp-json\/wp\/v2\/posts\/7648\/revisions"}],"predecessor-version":[{"id":7650,"href":"https:\/\/new.cubataonoticias.com\/index.php\/wp-json\/wp\/v2\/posts\/7648\/revisions\/7650"}],"wp:featuredmedia":[{"embeddable":true,"href":"https:\/\/new.cubataonoticias.com\/index.php\/wp-json\/wp\/v2\/media\/7649"}],"wp:attachment":[{"href":"https:\/\/new.cubataonoticias.com\/index.php\/wp-json\/wp\/v2\/media?parent=7648"}],"wp:term":[{"taxonomy":"category","embeddable":true,"href":"https:\/\/new.cubataonoticias.com\/index.php\/wp-json\/wp\/v2\/categories?post=7648"},{"taxonomy":"post_tag","embeddable":true,"href":"https:\/\/new.cubataonoticias.com\/index.php\/wp-json\/wp\/v2\/tags?post=7648"}],"curies":[{"name":"wp","href":"https:\/\/api.w.org\/{rel}","templated":true}]}}