{"id":7651,"date":"2024-09-09T19:15:48","date_gmt":"2024-09-09T22:15:48","guid":{"rendered":"https:\/\/cubataonoticias.com\/cncast\/cncast-temp-2-52-mi-bernardo-candidata-a-vereadora-pelo-agir\/"},"modified":"2024-09-09T19:15:48","modified_gmt":"2024-09-09T22:15:48","slug":"cncast-temp-2-52-mi-bernardo-candidata-a-vereadora-pelo-agir","status":"publish","type":"post","link":"https:\/\/new.cubataonoticias.com\/index.php\/2024\/09\/09\/cncast-temp-2-52-mi-bernardo-candidata-a-vereadora-pelo-agir\/","title":{"rendered":"CNCAST &#8211; TEMP.2 #52 &#8211; MI BERNARDO &#8211;  CANDIDATA A VEREADORA PELO AGIR."},"content":{"rendered":"<p><img decoding=\"async\" src=\"https:\/\/i1.ytimg.com\/vi\/0ilkZDJ_fp4\/hqdefault.jpg\" alt=\"CNCAST - TEMP.2 #52 - MI BERNARDO -  CANDIDATA A VEREADORA PELO AGIR.\"><br \/> <iframe width=\"560\" height=\"315\" src=\"https:\/\/www.youtube.com\/embed\/0ilkZDJ_fp4\" frameborder=\"0\" allowfullscreen><\/iframe> <\/p>\n<p>Vamos receber a candidata a vereadora pelo AGIR- MI BERNARDO.<\/p>\n<p>#PODCAST #CUBATAO #CUBAT\u00c3O<\/p>\n","protected":false},"excerpt":{"rendered":"<p>Vamos receber a candidata a vereadora pelo AGIR- MI BERNARDO. #PODCAST #CUBATAO #CUBAT\u00c3O<\/p>\n","protected":false},"author":1,"featured_media":7652,"comment_status":"closed","ping_status":"closed","sticky":false,"template":"","format":"video","meta":{"footnotes":""},"categories":[899],"tags":[],"class_list":["post-7651","post","type-post","status-publish","format-video","has-post-thumbnail","hentry","category-cncast","post_format-post-format-video"],"yoast_head":"<!-- This site is optimized with the Yoast SEO plugin v24.6 - https:\/\/yoast.com\/wordpress\/plugins\/seo\/ -->\n<title>CNCAST - TEMP.2 #52 - MI BERNARDO - CANDIDATA A VEREADORA PELO AGIR. - Cubat\u00e3o Not\u00edcias<\/title>\n<meta name=\"robots\" content=\"index, follow, max-snippet:-1, max-image-preview:large, max-video-preview:-1\" \/>\n<link rel=\"canonical\" href=\"https:\/\/new.cubataonoticias.com\/index.php\/2024\/09\/09\/cncast-temp-2-52-mi-bernardo-candidata-a-vereadora-pelo-agir\/\" \/>\n<meta property=\"og:locale\" content=\"pt_BR\" \/>\n<meta property=\"og:type\" content=\"article\" \/>\n<meta property=\"og:title\" content=\"CNCAST - TEMP.2 #52 - MI BERNARDO - CANDIDATA A VEREADORA PELO AGIR. - Cubat\u00e3o Not\u00edcias\" \/>\n<meta property=\"og:description\" content=\"Vamos receber a candidata a vereadora pelo AGIR- MI BERNARDO. #PODCAST #CUBATAO #CUBAT\u00c3O\" \/>\n<meta property=\"og:url\" content=\"https:\/\/new.cubataonoticias.com\/index.php\/2024\/09\/09\/cncast-temp-2-52-mi-bernardo-candidata-a-vereadora-pelo-agir\/\" \/>\n<meta property=\"og:site_name\" content=\"Cubat\u00e3o Not\u00edcias\" \/>\n<meta property=\"article:publisher\" content=\"https:\/\/www.facebook.com\/CubataoNoticiasOficial\/\" \/>\n<meta property=\"article:published_time\" content=\"2024-09-09T22:15:48+00:00\" \/>\n<meta property=\"og:image\" content=\"https:\/\/new.cubataonoticias.com\/wp-content\/uploads\/2024\/09\/hqdefault-2.jpg\" \/>\n\t<meta property=\"og:image:width\" content=\"480\" \/>\n\t<meta property=\"og:image:height\" content=\"360\" \/>\n\t<meta property=\"og:image:type\" content=\"image\/jpeg\" \/>\n<meta name=\"author\" content=\"Cubat\u00e3o Not\u00edcias\" \/>\n<meta name=\"twitter:card\" content=\"summary_large_image\" \/>\n<meta name=\"twitter:creator\" content=\"@CubataoNoticias\" \/>\n<meta name=\"twitter:site\" content=\"@CubataoNoticias\" \/>\n<meta name=\"twitter:label1\" content=\"Escrito por\" \/>\n\t<meta name=\"twitter:data1\" content=\"Cubat\u00e3o Not\u00edcias\" \/>\n<script type=\"application\/ld+json\" class=\"yoast-schema-graph\">{\"@context\":\"https:\/\/schema.org\",\"@graph\":[{\"@type\":\"WebPage\",\"@id\":\"https:\/\/new.cubataonoticias.com\/index.php\/2024\/09\/09\/cncast-temp-2-52-mi-bernardo-candidata-a-vereadora-pelo-agir\/\",\"url\":\"https:\/\/new.cubataonoticias.com\/index.php\/2024\/09\/09\/cncast-temp-2-52-mi-bernardo-candidata-a-vereadora-pelo-agir\/\",\"name\":\"CNCAST - TEMP.2 #52 - MI BERNARDO - CANDIDATA A VEREADORA PELO AGIR. - Cubat\u00e3o Not\u00edcias\",\"isPartOf\":{\"@id\":\"https:\/\/new.cubataonoticias.com\/#website\"},\"primaryImageOfPage\":{\"@id\":\"https:\/\/new.cubataonoticias.com\/index.php\/2024\/09\/09\/cncast-temp-2-52-mi-bernardo-candidata-a-vereadora-pelo-agir\/#primaryimage\"},\"image\":{\"@id\":\"https:\/\/new.cubataonoticias.com\/index.php\/2024\/09\/09\/cncast-temp-2-52-mi-bernardo-candidata-a-vereadora-pelo-agir\/#primaryimage\"},\"thumbnailUrl\":\"https:\/\/new.cubataonoticias.com\/wp-content\/uploads\/2024\/09\/hqdefault-2.jpg\",\"datePublished\":\"2024-09-09T22:15:48+00:00\",\"author\":{\"@id\":\"https:\/\/new.cubataonoticias.com\/#\/schema\/person\/774b9bbeb2e7e20683f7e5be4b966c52\"},\"breadcrumb\":{\"@id\":\"https:\/\/new.cubataonoticias.com\/index.php\/2024\/09\/09\/cncast-temp-2-52-mi-bernardo-candidata-a-vereadora-pelo-agir\/#breadcrumb\"},\"inLanguage\":\"pt-BR\",\"potentialAction\":[{\"@type\":\"ReadAction\",\"target\":[\"https:\/\/new.cubataonoticias.com\/index.php\/2024\/09\/09\/cncast-temp-2-52-mi-bernardo-candidata-a-vereadora-pelo-agir\/\"]}]},{\"@type\":\"ImageObject\",\"inLanguage\":\"pt-BR\",\"@id\":\"https:\/\/new.cubataonoticias.com\/index.php\/2024\/09\/09\/cncast-temp-2-52-mi-bernardo-candidata-a-vereadora-pelo-agir\/#primaryimage\",\"url\":\"https:\/\/new.cubataonoticias.com\/wp-content\/uploads\/2024\/09\/hqdefault-2.jpg\",\"contentUrl\":\"https:\/\/new.cubataonoticias.com\/wp-content\/uploads\/2024\/09\/hqdefault-2.jpg\",\"width\":480,\"height\":360},{\"@type\":\"BreadcrumbList\",\"@id\":\"https:\/\/new.cubataonoticias.com\/index.php\/2024\/09\/09\/cncast-temp-2-52-mi-bernardo-candidata-a-vereadora-pelo-agir\/#breadcrumb\",\"itemListElement\":[{\"@type\":\"ListItem\",\"position\":1,\"name\":\"In\u00edcio\",\"item\":\"https:\/\/new.cubataonoticias.com\/index.php\/home-v1\/\"},{\"@type\":\"ListItem\",\"position\":2,\"name\":\"CNCAST &#8211; TEMP.2 #52 &#8211; MI BERNARDO &#8211; CANDIDATA A VEREADORA PELO AGIR.\"}]},{\"@type\":\"WebSite\",\"@id\":\"https:\/\/new.cubataonoticias.com\/#website\",\"url\":\"https:\/\/new.cubataonoticias.com\/\",\"name\":\"Cubat\u00e3o Not\u00edcias\",\"description\":\"Not\u00edcias Sobre Cubat\u00e3o e Regi\u00e3o\",\"potentialAction\":[{\"@type\":\"SearchAction\",\"target\":{\"@type\":\"EntryPoint\",\"urlTemplate\":\"https:\/\/new.cubataonoticias.com\/?s={search_term_string}\"},\"query-input\":{\"@type\":\"PropertyValueSpecification\",\"valueRequired\":true,\"valueName\":\"search_term_string\"}}],\"inLanguage\":\"pt-BR\"},{\"@type\":\"Person\",\"@id\":\"https:\/\/new.cubataonoticias.com\/#\/schema\/person\/774b9bbeb2e7e20683f7e5be4b966c52\",\"name\":\"Cubat\u00e3o Not\u00edcias\",\"image\":{\"@type\":\"ImageObject\",\"inLanguage\":\"pt-BR\",\"@id\":\"https:\/\/new.cubataonoticias.com\/#\/schema\/person\/image\/\",\"url\":\"https:\/\/secure.gravatar.com\/avatar\/83ac1e753670252c0fdf24e3497e6d69?s=96&d=mm&r=g\",\"contentUrl\":\"https:\/\/secure.gravatar.com\/avatar\/83ac1e753670252c0fdf24e3497e6d69?s=96&d=mm&r=g\",\"caption\":\"Cubat\u00e3o Not\u00edcias\"},\"sameAs\":[\"https:\/\/new.cubataonoticias.com\"],\"url\":\"https:\/\/new.cubataonoticias.com\/index.php\/author\/cubata66_wp1\/\"}]}<\/script>\n<!-- \/ Yoast SEO plugin. -->","yoast_head_json":{"title":"CNCAST - TEMP.2 #52 - MI BERNARDO - CANDIDATA A VEREADORA PELO AGIR. - Cubat\u00e3o Not\u00edcias","robots":{"index":"index","follow":"follow","max-snippet":"max-snippet:-1","max-image-preview":"max-image-preview:large","max-video-preview":"max-video-preview:-1"},"canonical":"https:\/\/new.cubataonoticias.com\/index.php\/2024\/09\/09\/cncast-temp-2-52-mi-bernardo-candidata-a-vereadora-pelo-agir\/","og_locale":"pt_BR","og_type":"article","og_title":"CNCAST - TEMP.2 #52 - MI BERNARDO - CANDIDATA A VEREADORA PELO AGIR. - Cubat\u00e3o Not\u00edcias","og_description":"Vamos receber a candidata a vereadora pelo AGIR- MI BERNARDO. #PODCAST #CUBATAO #CUBAT\u00c3O","og_url":"https:\/\/new.cubataonoticias.com\/index.php\/2024\/09\/09\/cncast-temp-2-52-mi-bernardo-candidata-a-vereadora-pelo-agir\/","og_site_name":"Cubat\u00e3o Not\u00edcias","article_publisher":"https:\/\/www.facebook.com\/CubataoNoticiasOficial\/","article_published_time":"2024-09-09T22:15:48+00:00","og_image":[{"width":480,"height":360,"url":"https:\/\/new.cubataonoticias.com\/wp-content\/uploads\/2024\/09\/hqdefault-2.jpg","type":"image\/jpeg"}],"author":"Cubat\u00e3o Not\u00edcias","twitter_card":"summary_large_image","twitter_creator":"@CubataoNoticias","twitter_site":"@CubataoNoticias","twitter_misc":{"Escrito por":"Cubat\u00e3o Not\u00edcias"},"schema":{"@context":"https:\/\/schema.org","@graph":[{"@type":"WebPage","@id":"https:\/\/new.cubataonoticias.com\/index.php\/2024\/09\/09\/cncast-temp-2-52-mi-bernardo-candidata-a-vereadora-pelo-agir\/","url":"https:\/\/new.cubataonoticias.com\/index.php\/2024\/09\/09\/cncast-temp-2-52-mi-bernardo-candidata-a-vereadora-pelo-agir\/","name":"CNCAST - TEMP.2 #52 - MI BERNARDO - CANDIDATA A VEREADORA PELO AGIR. - Cubat\u00e3o Not\u00edcias","isPartOf":{"@id":"https:\/\/new.cubataonoticias.com\/#website"},"primaryImageOfPage":{"@id":"https:\/\/new.cubataonoticias.com\/index.php\/2024\/09\/09\/cncast-temp-2-52-mi-bernardo-candidata-a-vereadora-pelo-agir\/#primaryimage"},"image":{"@id":"https:\/\/new.cubataonoticias.com\/index.php\/2024\/09\/09\/cncast-temp-2-52-mi-bernardo-candidata-a-vereadora-pelo-agir\/#primaryimage"},"thumbnailUrl":"https:\/\/new.cubataonoticias.com\/wp-content\/uploads\/2024\/09\/hqdefault-2.jpg","datePublished":"2024-09-09T22:15:48+00:00","author":{"@id":"https:\/\/new.cubataonoticias.com\/#\/schema\/person\/774b9bbeb2e7e20683f7e5be4b966c52"},"breadcrumb":{"@id":"https:\/\/new.cubataonoticias.com\/index.php\/2024\/09\/09\/cncast-temp-2-52-mi-bernardo-candidata-a-vereadora-pelo-agir\/#breadcrumb"},"inLanguage":"pt-BR","potentialAction":[{"@type":"ReadAction","target":["https:\/\/new.cubataonoticias.com\/index.php\/2024\/09\/09\/cncast-temp-2-52-mi-bernardo-candidata-a-vereadora-pelo-agir\/"]}]},{"@type":"ImageObject","inLanguage":"pt-BR","@id":"https:\/\/new.cubataonoticias.com\/index.php\/2024\/09\/09\/cncast-temp-2-52-mi-bernardo-candidata-a-vereadora-pelo-agir\/#primaryimage","url":"https:\/\/new.cubataonoticias.com\/wp-content\/uploads\/2024\/09\/hqdefault-2.jpg","contentUrl":"https:\/\/new.cubataonoticias.com\/wp-content\/uploads\/2024\/09\/hqdefault-2.jpg","width":480,"height":360},{"@type":"BreadcrumbList","@id":"https:\/\/new.cubataonoticias.com\/index.php\/2024\/09\/09\/cncast-temp-2-52-mi-bernardo-candidata-a-vereadora-pelo-agir\/#breadcrumb","itemListElement":[{"@type":"ListItem","position":1,"name":"In\u00edcio","item":"https:\/\/new.cubataonoticias.com\/index.php\/home-v1\/"},{"@type":"ListItem","position":2,"name":"CNCAST &#8211; TEMP.2 #52 &#8211; MI BERNARDO &#8211; CANDIDATA A VEREADORA PELO AGIR."}]},{"@type":"WebSite","@id":"https:\/\/new.cubataonoticias.com\/#website","url":"https:\/\/new.cubataonoticias.com\/","name":"Cubat\u00e3o Not\u00edcias","description":"Not\u00edcias Sobre Cubat\u00e3o e Regi\u00e3o","potentialAction":[{"@type":"SearchAction","target":{"@type":"EntryPoint","urlTemplate":"https:\/\/new.cubataonoticias.com\/?s={search_term_string}"},"query-input":{"@type":"PropertyValueSpecification","valueRequired":true,"valueName":"search_term_string"}}],"inLanguage":"pt-BR"},{"@type":"Person","@id":"https:\/\/new.cubataonoticias.com\/#\/schema\/person\/774b9bbeb2e7e20683f7e5be4b966c52","name":"Cubat\u00e3o Not\u00edcias","image":{"@type":"ImageObject","inLanguage":"pt-BR","@id":"https:\/\/new.cubataonoticias.com\/#\/schema\/person\/image\/","url":"https:\/\/secure.gravatar.com\/avatar\/83ac1e753670252c0fdf24e3497e6d69?s=96&d=mm&r=g","contentUrl":"https:\/\/secure.gravatar.com\/avatar\/83ac1e753670252c0fdf24e3497e6d69?s=96&d=mm&r=g","caption":"Cubat\u00e3o Not\u00edcias"},"sameAs":["https:\/\/new.cubataonoticias.com"],"url":"https:\/\/new.cubataonoticias.com\/index.php\/author\/cubata66_wp1\/"}]}},"_links":{"self":[{"href":"https:\/\/new.cubataonoticias.com\/index.php\/wp-json\/wp\/v2\/posts\/7651","targetHints":{"allow":["GET"]}}],"collection":[{"href":"https:\/\/new.cubataonoticias.com\/index.php\/wp-json\/wp\/v2\/posts"}],"about":[{"href":"https:\/\/new.cubataonoticias.com\/index.php\/wp-json\/wp\/v2\/types\/post"}],"author":[{"embeddable":true,"href":"https:\/\/new.cubataonoticias.com\/index.php\/wp-json\/wp\/v2\/users\/1"}],"replies":[{"embeddable":true,"href":"https:\/\/new.cubataonoticias.com\/index.php\/wp-json\/wp\/v2\/comments?post=7651"}],"version-history":[{"count":0,"href":"https:\/\/new.cubataonoticias.com\/index.php\/wp-json\/wp\/v2\/posts\/7651\/revisions"}],"wp:featuredmedia":[{"embeddable":true,"href":"https:\/\/new.cubataonoticias.com\/index.php\/wp-json\/wp\/v2\/media\/7652"}],"wp:attachment":[{"href":"https:\/\/new.cubataonoticias.com\/index.php\/wp-json\/wp\/v2\/media?parent=7651"}],"wp:term":[{"taxonomy":"category","embeddable":true,"href":"https:\/\/new.cubataonoticias.com\/index.php\/wp-json\/wp\/v2\/categories?post=7651"},{"taxonomy":"post_tag","embeddable":true,"href":"https:\/\/new.cubataonoticias.com\/index.php\/wp-json\/wp\/v2\/tags?post=7651"}],"curies":[{"name":"wp","href":"https:\/\/api.w.org\/{rel}","templated":true}]}}